{"id":2803,"date":"2018-03-23T00:00:00","date_gmt":"1970-01-01T00:33:38","guid":{"rendered":"https:\/\/gcpdev.aparaturafiscala.ro\/blog\/nou-operatorii-economici-din-romania-vor-transmite-lunar-catre-anaf-informaiile-din-casele-de-marcat-cu-jurnal-electronic\/"},"modified":"2024-05-15T13:42:59","modified_gmt":"2024-05-15T10:42:59","slug":"nou-operatorii-economici-din-romania-vor-transmite-lunar-catre-anaf-informaiile-din-casele-de-marcat-cu-jurnal-electronic","status":"publish","type":"post","link":"https:\/\/www.aparaturafiscala.ro\/blog\/nou-operatorii-economici-din-romania-vor-transmite-lunar-catre-anaf-informaiile-din-casele-de-marcat-cu-jurnal-electronic\/","title":{"rendered":"Nou: Operatorii economici din Rom\u00e2nia vor transmite lunar c\u0103tre ANAF informa\u021biile din casele de marcat cu jurnal electronic"},"content":{"rendered":"<h4>\u00cencepe etapa final\u0103 a introducerii pe pia\u021b\u0103 a caselor de marcat electronice fiscale!<\/h4>\n<p>Noile modele cu jurnal electronic, care urmeaz\u0103 s\u0103 fie omologate \u00een urm\u0103toarele s\u0103pt\u0103m\u00e2ni, vor \u00eenlocui echipamentele de genera\u021bie veche cu role jurnal pe suport de h\u00e2rtie.<\/p>\n<p>G\u00e2ndite pentru a fi conectate la sistemul informatic ANAF, aparatele de genera\u021bie nou\u0103 vor face posibil\u0103 transmiterea online a datelor fiscale \u0219i a informa\u021biilor despre echipamente. P\u00e2n\u0103 la implementarea acestui sistem \u00eens\u0103, responsabilitatea de a extrage \u0219i transmite aceste date c\u0103tre ANAF (obligatorie p\u00e2n\u0103 la data de 20 a lunii \u00een curs, pentru luna anterioar\u0103) apar\u021bine exclusiv operatorilor economici din Rom\u00e2nia.<\/p>\n<p><strong>Ce informa\u021bii vor fi transmise c\u0103tre ANAF?<\/strong><\/p>\n<p>1. Date de pe bonul fiscal.<\/p>\n<p>2. Date din raportul fiscal de \u00eenchidere zilnic\u0103.<\/p>\n<p>3. Date de func\u021bionare a aparatului de marcat electronic fiscal.<\/p>\n<p><strong>#ExclusivLaSedona exist\u0103 3 modalit\u0103\u021bi de a extrage aceste informa\u021bii din noile case de marcat:<\/strong><\/p>\n<p>1. Programe de gestiune Sedona &#8211; Automat, prin op\u021biunea integrat\u0103.<\/p>\n<p>2. Aplica\u021bie Sedona &#8211; Pus\u0103 la dispozi\u021bie clien\u021bilor care nu utilizeaz\u0103 programele noastre de gestiune.<\/p>\n<p>3. Suport &#8211; La sediul clien\u021bilor no\u0219tri, \u00een Bucure\u0219ti, Ilfov, Constan\u021ba.<\/p>\n","protected":false},"excerpt":{"rendered":"<p>\u00cencepe etapa final\u0103 a introducerii pe pia\u021b\u0103 a caselor de marcat electronice fiscale! Noile modele cu jurnal electronic, care urmeaz\u0103 s\u0103 fie omologate \u00een urm\u0103toarele s\u0103pt\u0103m\u00e2ni, vor \u00eenlocui echipamentele de genera\u021bie veche cu role jurnal pe suport de h\u00e2rtie. G\u00e2ndite pentru a fi conectate la sistemul informatic ANAF, aparatele de genera\u021bie nou\u0103 vor face posibil\u0103 [&hellip;]<\/p>\n","protected":false},"author":1,"featured_media":2805,"comment_status":"open","ping_status":"open","sticky":false,"template":"","format":"standard","meta":{"_afb_promoted":""},"categories":[2],"tags":[],"acf":[],"yoast_head":"<!-- This site is optimized with the Yoast SEO plugin v18.0 - https:\/\/yoast.com\/wordpress\/plugins\/seo\/ -->\n<title>Nou: Operatorii economici din Rom\u00e2nia vor transmite lunar c\u0103tre ANAF informa\u021biile din casele de marcat cu jurnal electronic - Aparatura Fiscala | Blog<\/title>\n<meta name=\"robots\" content=\"index, follow, max-snippet:-1, max-image-preview:large, max-video-preview:-1\" \/>\n<link rel=\"canonical\" href=\"https:\/\/www.aparaturafiscala.ro\/blog\/nou-operatorii-economici-din-romania-vor-transmite-lunar-catre-anaf-informaiile-din-casele-de-marcat-cu-jurnal-electronic\/\" \/>\n<meta property=\"og:locale\" content=\"ro_RO\" \/>\n<meta property=\"og:type\" content=\"article\" \/>\n<meta property=\"og:title\" content=\"Nou: Operatorii economici din Rom\u00e2nia vor transmite lunar c\u0103tre ANAF informa\u021biile din casele de marcat cu jurnal electronic - Aparatura Fiscala | Blog\" \/>\n<meta property=\"og:description\" content=\"\u00cencepe etapa final\u0103 a introducerii pe pia\u021b\u0103 a caselor de marcat electronice fiscale! Noile modele cu jurnal electronic, care urmeaz\u0103 s\u0103 fie omologate \u00een urm\u0103toarele s\u0103pt\u0103m\u00e2ni, vor \u00eenlocui echipamentele de genera\u021bie veche cu role jurnal pe suport de h\u00e2rtie. G\u00e2ndite pentru a fi conectate la sistemul informatic ANAF, aparatele de genera\u021bie nou\u0103 vor face posibil\u0103 [&hellip;]\" \/>\n<meta property=\"og:url\" content=\"https:\/\/www.aparaturafiscala.ro\/blog\/nou-operatorii-economici-din-romania-vor-transmite-lunar-catre-anaf-informaiile-din-casele-de-marcat-cu-jurnal-electronic\/\" \/>\n<meta property=\"og:site_name\" content=\"Aparatura Fiscala\" \/>\n<meta property=\"article:author\" content=\"https:\/\/www.facebook.com\/casedemarcat\" \/>\n<meta property=\"article:published_time\" content=\"1970-01-01T00:33:38+00:00\" \/>\n<meta property=\"article:modified_time\" content=\"2024-05-15T10:42:59+00:00\" \/>\n<meta name=\"twitter:card\" content=\"summary_large_image\" \/>\n<meta name=\"twitter:image\" content=\"https:\/\/www.aparaturafiscala.ro\/blog\/wp-content\/uploads\/2021\/09\/310.jpg\" \/>\n<meta name=\"twitter:label1\" content=\"Written by\" \/>\n\t<meta name=\"twitter:data1\" content=\"Echipa Editoriala Sedona\" \/>\n\t<meta name=\"twitter:label2\" content=\"Est. reading time\" \/>\n\t<meta name=\"twitter:data2\" content=\"1 minut\" \/>\n<script type=\"application\/ld+json\" class=\"yoast-schema-graph\">{\"@context\":\"https:\/\/schema.org\",\"@graph\":[{\"@type\":\"Organization\",\"@id\":\"https:\/\/www.aparaturafiscala.ro\/blog\/#organization\",\"name\":\"Sedona ALM\",\"url\":\"https:\/\/www.aparaturafiscala.ro\/blog\/\",\"sameAs\":[\"https:\/\/www.linkedin.com\/company\/sedona-alm\"],\"logo\":{\"@type\":\"ImageObject\",\"@id\":\"https:\/\/www.aparaturafiscala.ro\/blog\/#logo\",\"inLanguage\":\"ro-RO\",\"url\":\"https:\/\/www.aparaturafiscala.ro\/blog\/wp-content\/uploads\/2021\/10\/sedona-1621501961.jpg\",\"contentUrl\":\"https:\/\/www.aparaturafiscala.ro\/blog\/wp-content\/uploads\/2021\/10\/sedona-1621501961.jpg\",\"width\":600,\"height\":181,\"caption\":\"Sedona ALM\"},\"image\":{\"@id\":\"https:\/\/www.aparaturafiscala.ro\/blog\/#logo\"}},{\"@type\":\"WebSite\",\"@id\":\"https:\/\/www.aparaturafiscala.ro\/blog\/#website\",\"url\":\"https:\/\/www.aparaturafiscala.ro\/blog\/\",\"name\":\"Aparatura Fiscala\",\"description\":\"Case de marcat, Consumabile, Sisteme Complete\",\"publisher\":{\"@id\":\"https:\/\/www.aparaturafiscala.ro\/blog\/#organization\"},\"potentialAction\":[{\"@type\":\"SearchAction\",\"target\":{\"@type\":\"EntryPoint\",\"urlTemplate\":\"https:\/\/www.aparaturafiscala.ro\/blog\/?s={search_term_string}\"},\"query-input\":\"required name=search_term_string\"}],\"inLanguage\":\"ro-RO\"},{\"@type\":\"ImageObject\",\"@id\":\"https:\/\/www.aparaturafiscala.ro\/blog\/nou-operatorii-economici-din-romania-vor-transmite-lunar-catre-anaf-informaiile-din-casele-de-marcat-cu-jurnal-electronic\/#primaryimage\",\"inLanguage\":\"ro-RO\",\"url\":\"https:\/\/www.aparaturafiscala.ro\/blog\/wp-content\/uploads\/2021\/09\/310.jpg\",\"contentUrl\":\"https:\/\/www.aparaturafiscala.ro\/blog\/wp-content\/uploads\/2021\/09\/310.jpg\"},{\"@type\":\"WebPage\",\"@id\":\"https:\/\/www.aparaturafiscala.ro\/blog\/nou-operatorii-economici-din-romania-vor-transmite-lunar-catre-anaf-informaiile-din-casele-de-marcat-cu-jurnal-electronic\/#webpage\",\"url\":\"https:\/\/www.aparaturafiscala.ro\/blog\/nou-operatorii-economici-din-romania-vor-transmite-lunar-catre-anaf-informaiile-din-casele-de-marcat-cu-jurnal-electronic\/\",\"name\":\"Nou: Operatorii economici din Rom\u00e2nia vor transmite lunar c\u0103tre ANAF informa\u021biile din casele de marcat cu jurnal electronic - Aparatura Fiscala | Blog\",\"isPartOf\":{\"@id\":\"https:\/\/www.aparaturafiscala.ro\/blog\/#website\"},\"primaryImageOfPage\":{\"@id\":\"https:\/\/www.aparaturafiscala.ro\/blog\/nou-operatorii-economici-din-romania-vor-transmite-lunar-catre-anaf-informaiile-din-casele-de-marcat-cu-jurnal-electronic\/#primaryimage\"},\"datePublished\":\"1970-01-01T00:33:38+00:00\",\"dateModified\":\"2024-05-15T10:42:59+00:00\",\"breadcrumb\":{\"@id\":\"https:\/\/www.aparaturafiscala.ro\/blog\/nou-operatorii-economici-din-romania-vor-transmite-lunar-catre-anaf-informaiile-din-casele-de-marcat-cu-jurnal-electronic\/#breadcrumb\"},\"inLanguage\":\"ro-RO\",\"potentialAction\":[{\"@type\":\"ReadAction\",\"target\":[\"https:\/\/www.aparaturafiscala.ro\/blog\/nou-operatorii-economici-din-romania-vor-transmite-lunar-catre-anaf-informaiile-din-casele-de-marcat-cu-jurnal-electronic\/\"]}]},{\"@type\":\"BreadcrumbList\",\"@id\":\"https:\/\/www.aparaturafiscala.ro\/blog\/nou-operatorii-economici-din-romania-vor-transmite-lunar-catre-anaf-informaiile-din-casele-de-marcat-cu-jurnal-electronic\/#breadcrumb\",\"itemListElement\":[{\"@type\":\"ListItem\",\"position\":1,\"name\":\"Home\",\"item\":\"https:\/\/www.aparaturafiscala.ro\/blog\/en\/\"},{\"@type\":\"ListItem\",\"position\":2,\"name\":\"Nou: Operatorii economici din Rom\u00e2nia vor transmite lunar c\u0103tre ANAF informa\u021biile din casele de marcat cu jurnal electronic\"}]},{\"@type\":\"Article\",\"@id\":\"https:\/\/www.aparaturafiscala.ro\/blog\/nou-operatorii-economici-din-romania-vor-transmite-lunar-catre-anaf-informaiile-din-casele-de-marcat-cu-jurnal-electronic\/#article\",\"isPartOf\":{\"@id\":\"https:\/\/www.aparaturafiscala.ro\/blog\/nou-operatorii-economici-din-romania-vor-transmite-lunar-catre-anaf-informaiile-din-casele-de-marcat-cu-jurnal-electronic\/#webpage\"},\"author\":{\"@id\":\"https:\/\/www.aparaturafiscala.ro\/blog\/#\/schema\/person\/726edf224ad983ffb21beb193935bc75\"},\"headline\":\"Nou: Operatorii economici din Rom\u00e2nia vor transmite lunar c\u0103tre ANAF informa\u021biile din casele de marcat cu jurnal electronic\",\"datePublished\":\"1970-01-01T00:33:38+00:00\",\"dateModified\":\"2024-05-15T10:42:59+00:00\",\"mainEntityOfPage\":{\"@id\":\"https:\/\/www.aparaturafiscala.ro\/blog\/nou-operatorii-economici-din-romania-vor-transmite-lunar-catre-anaf-informaiile-din-casele-de-marcat-cu-jurnal-electronic\/#webpage\"},\"wordCount\":221,\"commentCount\":0,\"publisher\":{\"@id\":\"https:\/\/www.aparaturafiscala.ro\/blog\/#organization\"},\"image\":{\"@id\":\"https:\/\/www.aparaturafiscala.ro\/blog\/nou-operatorii-economici-din-romania-vor-transmite-lunar-catre-anaf-informaiile-din-casele-de-marcat-cu-jurnal-electronic\/#primaryimage\"},\"thumbnailUrl\":\"https:\/\/www.aparaturafiscala.ro\/blog\/wp-content\/uploads\/2021\/09\/310.jpg\",\"articleSection\":[\"Legislatie\"],\"inLanguage\":\"ro-RO\",\"potentialAction\":[{\"@type\":\"CommentAction\",\"name\":\"Comment\",\"target\":[\"https:\/\/www.aparaturafiscala.ro\/blog\/nou-operatorii-economici-din-romania-vor-transmite-lunar-catre-anaf-informaiile-din-casele-de-marcat-cu-jurnal-electronic\/#respond\"]}]},{\"@type\":\"Person\",\"@id\":\"https:\/\/www.aparaturafiscala.ro\/blog\/#\/schema\/person\/726edf224ad983ffb21beb193935bc75\",\"name\":\"Echipa Editoriala Sedona\",\"description\":\"Faceti cunostinta cu echipa editoriala a Blogului Sedona, din care fac parte unii dintre cei mai experimentati membri ai echipei noastre! Suntem aici sa raspundem la intrebarile pe care le primim de la fiecare dintre clientii nostri, carora ne dorim sa le fim alaturi cu informatii utile, cu sfaturi si cu un portofoliu de produse creat la cele mai inalte standarde.\",\"sameAs\":[\"https:\/\/www.aparaturafiscala.ro\/\",\"https:\/\/www.facebook.com\/casedemarcat\",\"https:\/\/www.instagram.com\/aparaturafiscala.ro\/\",\"https:\/\/www.linkedin.com\/company\/sedona-alm\/\",\"https:\/\/www.youtube.com\/channel\/UChxeQJ0nXx0sUclcn9E8Osw\"],\"url\":\"https:\/\/www.aparaturafiscala.ro\/blog\/author\/sedona\/\"}]}<\/script>\n<!-- \/ Yoast SEO plugin. -->","yoast_head_json":{"title":"Nou: Operatorii economici din Rom\u00e2nia vor transmite lunar c\u0103tre ANAF informa\u021biile din casele de marcat cu jurnal electronic - Aparatura Fiscala | Blog","robots":{"index":"index","follow":"follow","max-snippet":"max-snippet:-1","max-image-preview":"max-image-preview:large","max-video-preview":"max-video-preview:-1"},"canonical":"https:\/\/www.aparaturafiscala.ro\/blog\/nou-operatorii-economici-din-romania-vor-transmite-lunar-catre-anaf-informaiile-din-casele-de-marcat-cu-jurnal-electronic\/","og_locale":"ro_RO","og_type":"article","og_title":"Nou: Operatorii economici din Rom\u00e2nia vor transmite lunar c\u0103tre ANAF informa\u021biile din casele de marcat cu jurnal electronic - Aparatura Fiscala | Blog","og_description":"\u00cencepe etapa final\u0103 a introducerii pe pia\u021b\u0103 a caselor de marcat electronice fiscale! Noile modele cu jurnal electronic, care urmeaz\u0103 s\u0103 fie omologate \u00een urm\u0103toarele s\u0103pt\u0103m\u00e2ni, vor \u00eenlocui echipamentele de genera\u021bie veche cu role jurnal pe suport de h\u00e2rtie. G\u00e2ndite pentru a fi conectate la sistemul informatic ANAF, aparatele de genera\u021bie nou\u0103 vor face posibil\u0103 [&hellip;]","og_url":"https:\/\/www.aparaturafiscala.ro\/blog\/nou-operatorii-economici-din-romania-vor-transmite-lunar-catre-anaf-informaiile-din-casele-de-marcat-cu-jurnal-electronic\/","og_site_name":"Aparatura Fiscala","article_author":"https:\/\/www.facebook.com\/casedemarcat","article_published_time":"1970-01-01T00:33:38+00:00","article_modified_time":"2024-05-15T10:42:59+00:00","twitter_card":"summary_large_image","twitter_image":"https:\/\/www.aparaturafiscala.ro\/blog\/wp-content\/uploads\/2021\/09\/310.jpg","twitter_misc":{"Written by":"Echipa Editoriala Sedona","Est. reading time":"1 minut"},"schema":{"@context":"https:\/\/schema.org","@graph":[{"@type":"Organization","@id":"https:\/\/www.aparaturafiscala.ro\/blog\/#organization","name":"Sedona ALM","url":"https:\/\/www.aparaturafiscala.ro\/blog\/","sameAs":["https:\/\/www.linkedin.com\/company\/sedona-alm"],"logo":{"@type":"ImageObject","@id":"https:\/\/www.aparaturafiscala.ro\/blog\/#logo","inLanguage":"ro-RO","url":"https:\/\/www.aparaturafiscala.ro\/blog\/wp-content\/uploads\/2021\/10\/sedona-1621501961.jpg","contentUrl":"https:\/\/www.aparaturafiscala.ro\/blog\/wp-content\/uploads\/2021\/10\/sedona-1621501961.jpg","width":600,"height":181,"caption":"Sedona ALM"},"image":{"@id":"https:\/\/www.aparaturafiscala.ro\/blog\/#logo"}},{"@type":"WebSite","@id":"https:\/\/www.aparaturafiscala.ro\/blog\/#website","url":"https:\/\/www.aparaturafiscala.ro\/blog\/","name":"Aparatura Fiscala","description":"Case de marcat, Consumabile, Sisteme Complete","publisher":{"@id":"https:\/\/www.aparaturafiscala.ro\/blog\/#organization"},"potentialAction":[{"@type":"SearchAction","target":{"@type":"EntryPoint","urlTemplate":"https:\/\/www.aparaturafiscala.ro\/blog\/?s={search_term_string}"},"query-input":"required name=search_term_string"}],"inLanguage":"ro-RO"},{"@type":"ImageObject","@id":"https:\/\/www.aparaturafiscala.ro\/blog\/nou-operatorii-economici-din-romania-vor-transmite-lunar-catre-anaf-informaiile-din-casele-de-marcat-cu-jurnal-electronic\/#primaryimage","inLanguage":"ro-RO","url":"https:\/\/www.aparaturafiscala.ro\/blog\/wp-content\/uploads\/2021\/09\/310.jpg","contentUrl":"https:\/\/www.aparaturafiscala.ro\/blog\/wp-content\/uploads\/2021\/09\/310.jpg"},{"@type":"WebPage","@id":"https:\/\/www.aparaturafiscala.ro\/blog\/nou-operatorii-economici-din-romania-vor-transmite-lunar-catre-anaf-informaiile-din-casele-de-marcat-cu-jurnal-electronic\/#webpage","url":"https:\/\/www.aparaturafiscala.ro\/blog\/nou-operatorii-economici-din-romania-vor-transmite-lunar-catre-anaf-informaiile-din-casele-de-marcat-cu-jurnal-electronic\/","name":"Nou: Operatorii economici din Rom\u00e2nia vor transmite lunar c\u0103tre ANAF informa\u021biile din casele de marcat cu jurnal electronic - Aparatura Fiscala | Blog","isPartOf":{"@id":"https:\/\/www.aparaturafiscala.ro\/blog\/#website"},"primaryImageOfPage":{"@id":"https:\/\/www.aparaturafiscala.ro\/blog\/nou-operatorii-economici-din-romania-vor-transmite-lunar-catre-anaf-informaiile-din-casele-de-marcat-cu-jurnal-electronic\/#primaryimage"},"datePublished":"1970-01-01T00:33:38+00:00","dateModified":"2024-05-15T10:42:59+00:00","breadcrumb":{"@id":"https:\/\/www.aparaturafiscala.ro\/blog\/nou-operatorii-economici-din-romania-vor-transmite-lunar-catre-anaf-informaiile-din-casele-de-marcat-cu-jurnal-electronic\/#breadcrumb"},"inLanguage":"ro-RO","potentialAction":[{"@type":"ReadAction","target":["https:\/\/www.aparaturafiscala.ro\/blog\/nou-operatorii-economici-din-romania-vor-transmite-lunar-catre-anaf-informaiile-din-casele-de-marcat-cu-jurnal-electronic\/"]}]},{"@type":"BreadcrumbList","@id":"https:\/\/www.aparaturafiscala.ro\/blog\/nou-operatorii-economici-din-romania-vor-transmite-lunar-catre-anaf-informaiile-din-casele-de-marcat-cu-jurnal-electronic\/#breadcrumb","itemListElement":[{"@type":"ListItem","position":1,"name":"Home","item":"https:\/\/www.aparaturafiscala.ro\/blog\/en\/"},{"@type":"ListItem","position":2,"name":"Nou: Operatorii economici din Rom\u00e2nia vor transmite lunar c\u0103tre ANAF informa\u021biile din casele de marcat cu jurnal electronic"}]},{"@type":"Article","@id":"https:\/\/www.aparaturafiscala.ro\/blog\/nou-operatorii-economici-din-romania-vor-transmite-lunar-catre-anaf-informaiile-din-casele-de-marcat-cu-jurnal-electronic\/#article","isPartOf":{"@id":"https:\/\/www.aparaturafiscala.ro\/blog\/nou-operatorii-economici-din-romania-vor-transmite-lunar-catre-anaf-informaiile-din-casele-de-marcat-cu-jurnal-electronic\/#webpage"},"author":{"@id":"https:\/\/www.aparaturafiscala.ro\/blog\/#\/schema\/person\/726edf224ad983ffb21beb193935bc75"},"headline":"Nou: Operatorii economici din Rom\u00e2nia vor transmite lunar c\u0103tre ANAF informa\u021biile din casele de marcat cu jurnal electronic","datePublished":"1970-01-01T00:33:38+00:00","dateModified":"2024-05-15T10:42:59+00:00","mainEntityOfPage":{"@id":"https:\/\/www.aparaturafiscala.ro\/blog\/nou-operatorii-economici-din-romania-vor-transmite-lunar-catre-anaf-informaiile-din-casele-de-marcat-cu-jurnal-electronic\/#webpage"},"wordCount":221,"commentCount":0,"publisher":{"@id":"https:\/\/www.aparaturafiscala.ro\/blog\/#organization"},"image":{"@id":"https:\/\/www.aparaturafiscala.ro\/blog\/nou-operatorii-economici-din-romania-vor-transmite-lunar-catre-anaf-informaiile-din-casele-de-marcat-cu-jurnal-electronic\/#primaryimage"},"thumbnailUrl":"https:\/\/www.aparaturafiscala.ro\/blog\/wp-content\/uploads\/2021\/09\/310.jpg","articleSection":["Legislatie"],"inLanguage":"ro-RO","potentialAction":[{"@type":"CommentAction","name":"Comment","target":["https:\/\/www.aparaturafiscala.ro\/blog\/nou-operatorii-economici-din-romania-vor-transmite-lunar-catre-anaf-informaiile-din-casele-de-marcat-cu-jurnal-electronic\/#respond"]}]},{"@type":"Person","@id":"https:\/\/www.aparaturafiscala.ro\/blog\/#\/schema\/person\/726edf224ad983ffb21beb193935bc75","name":"Echipa Editoriala Sedona","description":"Faceti cunostinta cu echipa editoriala a Blogului Sedona, din care fac parte unii dintre cei mai experimentati membri ai echipei noastre! Suntem aici sa raspundem la intrebarile pe care le primim de la fiecare dintre clientii nostri, carora ne dorim sa le fim alaturi cu informatii utile, cu sfaturi si cu un portofoliu de produse creat la cele mai inalte standarde.","sameAs":["https:\/\/www.aparaturafiscala.ro\/","https:\/\/www.facebook.com\/casedemarcat","https:\/\/www.instagram.com\/aparaturafiscala.ro\/","https:\/\/www.linkedin.com\/company\/sedona-alm\/","https:\/\/www.youtube.com\/channel\/UChxeQJ0nXx0sUclcn9E8Osw"],"url":"https:\/\/www.aparaturafiscala.ro\/blog\/author\/sedona\/"}]}},"_links":{"self":[{"href":"https:\/\/www.aparaturafiscala.ro\/blog\/wp-json\/wp\/v2\/posts\/2803"}],"collection":[{"href":"https:\/\/www.aparaturafiscala.ro\/blog\/wp-json\/wp\/v2\/posts"}],"about":[{"href":"https:\/\/www.aparaturafiscala.ro\/blog\/wp-json\/wp\/v2\/types\/post"}],"author":[{"embeddable":true,"href":"https:\/\/www.aparaturafiscala.ro\/blog\/wp-json\/wp\/v2\/users\/1"}],"replies":[{"embeddable":true,"href":"https:\/\/www.aparaturafiscala.ro\/blog\/wp-json\/wp\/v2\/comments?post=2803"}],"version-history":[{"count":1,"href":"https:\/\/www.aparaturafiscala.ro\/blog\/wp-json\/wp\/v2\/posts\/2803\/revisions"}],"predecessor-version":[{"id":4497,"href":"https:\/\/www.aparaturafiscala.ro\/blog\/wp-json\/wp\/v2\/posts\/2803\/revisions\/4497"}],"wp:featuredmedia":[{"embeddable":true,"href":"https:\/\/www.aparaturafiscala.ro\/blog\/wp-json\/wp\/v2\/media\/2805"}],"wp:attachment":[{"href":"https:\/\/www.aparaturafiscala.ro\/blog\/wp-json\/wp\/v2\/media?parent=2803"}],"wp:term":[{"taxonomy":"category","embeddable":true,"href":"https:\/\/www.aparaturafiscala.ro\/blog\/wp-json\/wp\/v2\/categories?post=2803"},{"taxonomy":"post_tag","embeddable":true,"href":"https:\/\/www.aparaturafiscala.ro\/blog\/wp-json\/wp\/v2\/tags?post=2803"}],"curies":[{"name":"wp","href":"https:\/\/api.w.org\/{rel}","templated":true}]}}